{"id":2502,"date":"2024-04-17T17:30:37","date_gmt":"2024-04-17T17:30:37","guid":{"rendered":"https:\/\/adriafly.me\/?p=2502"},"modified":"2025-08-30T08:04:28","modified_gmt":"2025-08-30T08:04:28","slug":"decic-2024","status":"publish","type":"post","link":"https:\/\/adriafly.me\/en\/decic-2024\/","title":{"rendered":"Ro\u0161tilj i jedrenje na De\u010di\u0107u"},"content":{"rendered":"<div style=\"height:45px\" aria-hidden=\"true\" class=\"wp-block-spacer\"><\/div>\n\n\n\n<p class=\"has-text-color has-link-color wp-elements-2e3f114be65f37cfc266f6932e2fb4ec\" style=\"color:#999999\">09.03.2024<\/p>\n\n\n\n<p>Po godi\u0161njem klubskom planu za ovu godinu je odr\u017eano martovsko okupljanje na De\u010di\u0107u. Sezona letenja se lagano otvara, proljetni uslovi dolaze i ukazuje se potreba za razgibavanje i uvje\u017ebavanje u prirodi uz, naravno, kvalitetan ro\u0161tilj. Da bi sve proteklo bez zastoja (ro\u0161tilj, retransporti, motivisani piloti) akciju su koordinirali Petar \u0160\u0107epanovi\u0107 i \u017darko Radunovi\u0107. U ostalom &#8211; za\u0161to da prepri\u010davamo ne\u0161to \u0161to zahvaljuju\u0107i mladom kreatoru Petru \u0160. mo\u017eemo pokazati&#8230;<\/p>\n\n\n\n<div style=\"height:45px\" aria-hidden=\"true\" class=\"wp-block-spacer\"><\/div>\n\n\n\n<p> <\/p>\n\n\n\n<figure class=\"wp-block-embed alignwide is-type-video is-provider-youtube wp-block-embed-youtube wp-embed-aspect-16-9 wp-has-aspect-ratio\"><div class=\"wp-block-embed__wrapper\">\n<iframe loading=\"lazy\" title=\"De\u010di\u0107 16.03.2024\" width=\"750\" height=\"422\" src=\"https:\/\/www.youtube.com\/embed\/4NAPXKexSPQ?feature=oembed\" frameborder=\"0\" allow=\"accelerometer; autoplay; clipboard-write; encrypted-media; gyroscope; picture-in-picture; web-share\" referrerpolicy=\"strict-origin-when-cross-origin\" allowfullscreen><\/iframe>\n<\/div><\/figure>","protected":false},"excerpt":{"rendered":"<p>09.03.2024 Po godi\u0161njem klubskom planu za ovu godinu je odr\u017eano martovsko okupljanje na De\u010di\u0107u. Sezona letenja se lagano otvara, proljetni uslovi dolaze i ukazuje se potreba za razgibavanje i uvje\u017ebavanje u prirodi uz, naravno, kvalitetan ro\u0161tilj. Da bi sve proteklo bez zastoja (ro\u0161tilj, retransporti, motivisani piloti) akciju su koordinirali Petar [&hellip;]<\/p>\n","protected":false},"author":1,"featured_media":2503,"comment_status":"open","ping_status":"open","sticky":false,"template":"","format":"standard","meta":{"footnotes":""},"categories":[6],"tags":[33,53],"class_list":["post-2502","post","type-post","status-publish","format-standard","has-post-thumbnail","hentry","category-reportaze","tag-decic","tag-paragliding-montenegro"],"yoast_head":"<!-- This site is optimized with the Yoast SEO plugin v27.5 - https:\/\/yoast.com\/product\/yoast-seo-wordpress\/ -->\n<title>Ro\u0161tilj i jedrenje na De\u010di\u0107u - Adriafly - Paragliding Club<\/title>\n<meta name=\"robots\" content=\"index, follow, max-snippet:-1, max-image-preview:large, max-video-preview:-1\" \/>\n<link rel=\"canonical\" href=\"https:\/\/adriafly.me\/en\/decic-2024\/\" \/>\n<meta property=\"og:locale\" content=\"en_US\" \/>\n<meta property=\"og:type\" content=\"article\" \/>\n<meta property=\"og:title\" content=\"Ro\u0161tilj i jedrenje na De\u010di\u0107u - Adriafly - Paragliding Club\" \/>\n<meta property=\"og:description\" content=\"09.03.2024 Po godi\u0161njem klubskom planu za ovu godinu je odr\u017eano martovsko okupljanje na De\u010di\u0107u. Sezona letenja se lagano otvara, proljetni uslovi dolaze i ukazuje se potreba za razgibavanje i uvje\u017ebavanje u prirodi uz, naravno, kvalitetan ro\u0161tilj. Da bi sve proteklo bez zastoja (ro\u0161tilj, retransporti, motivisani piloti) akciju su koordinirali Petar [&hellip;]\" \/>\n<meta property=\"og:url\" content=\"https:\/\/adriafly.me\/en\/decic-2024\/\" \/>\n<meta property=\"og:site_name\" content=\"Adriafly - Paragliding Club\" \/>\n<meta property=\"article:publisher\" content=\"https:\/\/www.facebook.com\/AdriaFly\" \/>\n<meta property=\"article:published_time\" content=\"2024-04-17T17:30:37+00:00\" \/>\n<meta property=\"article:modified_time\" content=\"2025-08-30T08:04:28+00:00\" \/>\n<meta property=\"og:image\" content=\"https:\/\/adriafly.me\/wp-content\/uploads\/2024\/04\/decic.jpg\" \/>\n\t<meta property=\"og:image:width\" content=\"1200\" \/>\n\t<meta property=\"og:image:height\" content=\"1600\" \/>\n\t<meta property=\"og:image:type\" content=\"image\/jpeg\" \/>\n<meta name=\"author\" content=\"mio\" \/>\n<meta name=\"twitter:card\" content=\"summary_large_image\" \/>\n<meta name=\"twitter:label1\" content=\"Written by\" \/>\n\t<meta name=\"twitter:data1\" content=\"mio\" \/>\n\t<meta name=\"twitter:label2\" content=\"Est. reading time\" \/>\n\t<meta name=\"twitter:data2\" content=\"1 minute\" \/>\n<script type=\"application\/ld+json\" class=\"yoast-schema-graph\">{\"@context\":\"https:\\\/\\\/schema.org\",\"@graph\":[{\"@type\":\"Article\",\"@id\":\"https:\\\/\\\/adriafly.me\\\/en\\\/decic-2024\\\/#article\",\"isPartOf\":{\"@id\":\"https:\\\/\\\/adriafly.me\\\/en\\\/decic-2024\\\/\"},\"author\":{\"name\":\"mio\",\"@id\":\"https:\\\/\\\/adriafly.me\\\/en\\\/#\\\/schema\\\/person\\\/751ea6dffe40ddebe7efa060bf5e7712\"},\"headline\":\"Ro\u0161tilj i jedrenje na De\u010di\u0107u\",\"datePublished\":\"2024-04-17T17:30:37+00:00\",\"dateModified\":\"2025-08-30T08:04:28+00:00\",\"mainEntityOfPage\":{\"@id\":\"https:\\\/\\\/adriafly.me\\\/en\\\/decic-2024\\\/\"},\"wordCount\":94,\"commentCount\":2,\"publisher\":{\"@id\":\"https:\\\/\\\/adriafly.me\\\/en\\\/#organization\"},\"image\":{\"@id\":\"https:\\\/\\\/adriafly.me\\\/en\\\/decic-2024\\\/#primaryimage\"},\"thumbnailUrl\":\"https:\\\/\\\/adriafly.me\\\/wp-content\\\/uploads\\\/2024\\\/04\\\/decic.jpg\",\"keywords\":[\"De\u010di\u0107\",\"Paragliding Montenegro\"],\"articleSection\":[\"Reporta\u017ee\"],\"inLanguage\":\"en-NZ\",\"potentialAction\":[{\"@type\":\"CommentAction\",\"name\":\"Comment\",\"target\":[\"https:\\\/\\\/adriafly.me\\\/en\\\/decic-2024\\\/#respond\"]}]},{\"@type\":\"WebPage\",\"@id\":\"https:\\\/\\\/adriafly.me\\\/en\\\/decic-2024\\\/\",\"url\":\"https:\\\/\\\/adriafly.me\\\/en\\\/decic-2024\\\/\",\"name\":\"Ro\u0161tilj i jedrenje na De\u010di\u0107u - Adriafly - Paragliding Club\",\"isPartOf\":{\"@id\":\"https:\\\/\\\/adriafly.me\\\/en\\\/#website\"},\"primaryImageOfPage\":{\"@id\":\"https:\\\/\\\/adriafly.me\\\/en\\\/decic-2024\\\/#primaryimage\"},\"image\":{\"@id\":\"https:\\\/\\\/adriafly.me\\\/en\\\/decic-2024\\\/#primaryimage\"},\"thumbnailUrl\":\"https:\\\/\\\/adriafly.me\\\/wp-content\\\/uploads\\\/2024\\\/04\\\/decic.jpg\",\"datePublished\":\"2024-04-17T17:30:37+00:00\",\"dateModified\":\"2025-08-30T08:04:28+00:00\",\"breadcrumb\":{\"@id\":\"https:\\\/\\\/adriafly.me\\\/en\\\/decic-2024\\\/#breadcrumb\"},\"inLanguage\":\"en-NZ\",\"potentialAction\":[{\"@type\":\"ReadAction\",\"target\":[\"https:\\\/\\\/adriafly.me\\\/en\\\/decic-2024\\\/\"]}]},{\"@type\":\"ImageObject\",\"inLanguage\":\"en-NZ\",\"@id\":\"https:\\\/\\\/adriafly.me\\\/en\\\/decic-2024\\\/#primaryimage\",\"url\":\"https:\\\/\\\/adriafly.me\\\/wp-content\\\/uploads\\\/2024\\\/04\\\/decic.jpg\",\"contentUrl\":\"https:\\\/\\\/adriafly.me\\\/wp-content\\\/uploads\\\/2024\\\/04\\\/decic.jpg\",\"width\":1200,\"height\":1600},{\"@type\":\"BreadcrumbList\",\"@id\":\"https:\\\/\\\/adriafly.me\\\/en\\\/decic-2024\\\/#breadcrumb\",\"itemListElement\":[{\"@type\":\"ListItem\",\"position\":1,\"name\":\"Po\u010detna\",\"item\":\"https:\\\/\\\/adriafly.me\\\/en\\\/\"},{\"@type\":\"ListItem\",\"position\":2,\"name\":\"Ro\u0161tilj i jedrenje na De\u010di\u0107u\"}]},{\"@type\":\"WebSite\",\"@id\":\"https:\\\/\\\/adriafly.me\\\/en\\\/#website\",\"url\":\"https:\\\/\\\/adriafly.me\\\/en\\\/\",\"name\":\"Adriafly - Paragliding Club\",\"description\":\"Paraglajding klub Herceg Novi\",\"publisher\":{\"@id\":\"https:\\\/\\\/adriafly.me\\\/en\\\/#organization\"},\"alternateName\":\"Adriafly\",\"potentialAction\":[{\"@type\":\"SearchAction\",\"target\":{\"@type\":\"EntryPoint\",\"urlTemplate\":\"https:\\\/\\\/adriafly.me\\\/en\\\/?s={search_term_string}\"},\"query-input\":{\"@type\":\"PropertyValueSpecification\",\"valueRequired\":true,\"valueName\":\"search_term_string\"}}],\"inLanguage\":\"en-NZ\"},{\"@type\":\"Organization\",\"@id\":\"https:\\\/\\\/adriafly.me\\\/en\\\/#organization\",\"name\":\"Adriafly - Paragliding Club\",\"url\":\"https:\\\/\\\/adriafly.me\\\/en\\\/\",\"logo\":{\"@type\":\"ImageObject\",\"inLanguage\":\"en-NZ\",\"@id\":\"https:\\\/\\\/adriafly.me\\\/en\\\/#\\\/schema\\\/logo\\\/image\\\/\",\"url\":\"https:\\\/\\\/adriafly.me\\\/wp-content\\\/uploads\\\/2025\\\/08\\\/02-LOGO-nobackgr.png\",\"contentUrl\":\"https:\\\/\\\/adriafly.me\\\/wp-content\\\/uploads\\\/2025\\\/08\\\/02-LOGO-nobackgr.png\",\"width\":1536,\"height\":1349,\"caption\":\"Adriafly - Paragliding Club\"},\"image\":{\"@id\":\"https:\\\/\\\/adriafly.me\\\/en\\\/#\\\/schema\\\/logo\\\/image\\\/\"},\"sameAs\":[\"https:\\\/\\\/www.facebook.com\\\/AdriaFly\",\"https:\\\/\\\/www.instagram.com\\\/adriafly.me\\\/\"]},{\"@type\":\"Person\",\"@id\":\"https:\\\/\\\/adriafly.me\\\/en\\\/#\\\/schema\\\/person\\\/751ea6dffe40ddebe7efa060bf5e7712\",\"name\":\"mio\",\"image\":{\"@type\":\"ImageObject\",\"inLanguage\":\"en-NZ\",\"@id\":\"https:\\\/\\\/secure.gravatar.com\\\/avatar\\\/cd1f2891ddd4cddbd2eeb404b28c1c87b083f1b9e58df41fb316fa42d4bb7d60?s=96&d=mm&r=g\",\"url\":\"https:\\\/\\\/secure.gravatar.com\\\/avatar\\\/cd1f2891ddd4cddbd2eeb404b28c1c87b083f1b9e58df41fb316fa42d4bb7d60?s=96&d=mm&r=g\",\"contentUrl\":\"https:\\\/\\\/secure.gravatar.com\\\/avatar\\\/cd1f2891ddd4cddbd2eeb404b28c1c87b083f1b9e58df41fb316fa42d4bb7d60?s=96&d=mm&r=g\",\"caption\":\"mio\"},\"sameAs\":[\"https:\\\/\\\/adriafly.me\"],\"url\":\"https:\\\/\\\/adriafly.me\\\/en\\\/author\\\/mio\\\/\"}]}<\/script>\n<!-- \/ Yoast SEO plugin. -->","yoast_head_json":{"title":"Ro\u0161tilj i jedrenje na De\u010di\u0107u - Adriafly - Paragliding Club","robots":{"index":"index","follow":"follow","max-snippet":"max-snippet:-1","max-image-preview":"max-image-preview:large","max-video-preview":"max-video-preview:-1"},"canonical":"https:\/\/adriafly.me\/en\/decic-2024\/","og_locale":"en_US","og_type":"article","og_title":"Ro\u0161tilj i jedrenje na De\u010di\u0107u - Adriafly - Paragliding Club","og_description":"09.03.2024 Po godi\u0161njem klubskom planu za ovu godinu je odr\u017eano martovsko okupljanje na De\u010di\u0107u. Sezona letenja se lagano otvara, proljetni uslovi dolaze i ukazuje se potreba za razgibavanje i uvje\u017ebavanje u prirodi uz, naravno, kvalitetan ro\u0161tilj. Da bi sve proteklo bez zastoja (ro\u0161tilj, retransporti, motivisani piloti) akciju su koordinirali Petar [&hellip;]","og_url":"https:\/\/adriafly.me\/en\/decic-2024\/","og_site_name":"Adriafly - Paragliding Club","article_publisher":"https:\/\/www.facebook.com\/AdriaFly","article_published_time":"2024-04-17T17:30:37+00:00","article_modified_time":"2025-08-30T08:04:28+00:00","og_image":[{"width":1200,"height":1600,"url":"https:\/\/adriafly.me\/wp-content\/uploads\/2024\/04\/decic.jpg","type":"image\/jpeg"}],"author":"mio","twitter_card":"summary_large_image","twitter_misc":{"Written by":"mio","Est. reading time":"1 minute"},"schema":{"@context":"https:\/\/schema.org","@graph":[{"@type":"Article","@id":"https:\/\/adriafly.me\/en\/decic-2024\/#article","isPartOf":{"@id":"https:\/\/adriafly.me\/en\/decic-2024\/"},"author":{"name":"mio","@id":"https:\/\/adriafly.me\/en\/#\/schema\/person\/751ea6dffe40ddebe7efa060bf5e7712"},"headline":"Ro\u0161tilj i jedrenje na De\u010di\u0107u","datePublished":"2024-04-17T17:30:37+00:00","dateModified":"2025-08-30T08:04:28+00:00","mainEntityOfPage":{"@id":"https:\/\/adriafly.me\/en\/decic-2024\/"},"wordCount":94,"commentCount":2,"publisher":{"@id":"https:\/\/adriafly.me\/en\/#organization"},"image":{"@id":"https:\/\/adriafly.me\/en\/decic-2024\/#primaryimage"},"thumbnailUrl":"https:\/\/adriafly.me\/wp-content\/uploads\/2024\/04\/decic.jpg","keywords":["De\u010di\u0107","Paragliding Montenegro"],"articleSection":["Reporta\u017ee"],"inLanguage":"en-NZ","potentialAction":[{"@type":"CommentAction","name":"Comment","target":["https:\/\/adriafly.me\/en\/decic-2024\/#respond"]}]},{"@type":"WebPage","@id":"https:\/\/adriafly.me\/en\/decic-2024\/","url":"https:\/\/adriafly.me\/en\/decic-2024\/","name":"Ro\u0161tilj i jedrenje na De\u010di\u0107u - Adriafly - Paragliding Club","isPartOf":{"@id":"https:\/\/adriafly.me\/en\/#website"},"primaryImageOfPage":{"@id":"https:\/\/adriafly.me\/en\/decic-2024\/#primaryimage"},"image":{"@id":"https:\/\/adriafly.me\/en\/decic-2024\/#primaryimage"},"thumbnailUrl":"https:\/\/adriafly.me\/wp-content\/uploads\/2024\/04\/decic.jpg","datePublished":"2024-04-17T17:30:37+00:00","dateModified":"2025-08-30T08:04:28+00:00","breadcrumb":{"@id":"https:\/\/adriafly.me\/en\/decic-2024\/#breadcrumb"},"inLanguage":"en-NZ","potentialAction":[{"@type":"ReadAction","target":["https:\/\/adriafly.me\/en\/decic-2024\/"]}]},{"@type":"ImageObject","inLanguage":"en-NZ","@id":"https:\/\/adriafly.me\/en\/decic-2024\/#primaryimage","url":"https:\/\/adriafly.me\/wp-content\/uploads\/2024\/04\/decic.jpg","contentUrl":"https:\/\/adriafly.me\/wp-content\/uploads\/2024\/04\/decic.jpg","width":1200,"height":1600},{"@type":"BreadcrumbList","@id":"https:\/\/adriafly.me\/en\/decic-2024\/#breadcrumb","itemListElement":[{"@type":"ListItem","position":1,"name":"Po\u010detna","item":"https:\/\/adriafly.me\/en\/"},{"@type":"ListItem","position":2,"name":"Ro\u0161tilj i jedrenje na De\u010di\u0107u"}]},{"@type":"WebSite","@id":"https:\/\/adriafly.me\/en\/#website","url":"https:\/\/adriafly.me\/en\/","name":"Adriafly - Paragliding Club","description":"Paraglajding klub Herceg Novi","publisher":{"@id":"https:\/\/adriafly.me\/en\/#organization"},"alternateName":"Adriafly","potentialAction":[{"@type":"SearchAction","target":{"@type":"EntryPoint","urlTemplate":"https:\/\/adriafly.me\/en\/?s={search_term_string}"},"query-input":{"@type":"PropertyValueSpecification","valueRequired":true,"valueName":"search_term_string"}}],"inLanguage":"en-NZ"},{"@type":"Organization","@id":"https:\/\/adriafly.me\/en\/#organization","name":"Adriafly - Paragliding Club","url":"https:\/\/adriafly.me\/en\/","logo":{"@type":"ImageObject","inLanguage":"en-NZ","@id":"https:\/\/adriafly.me\/en\/#\/schema\/logo\/image\/","url":"https:\/\/adriafly.me\/wp-content\/uploads\/2025\/08\/02-LOGO-nobackgr.png","contentUrl":"https:\/\/adriafly.me\/wp-content\/uploads\/2025\/08\/02-LOGO-nobackgr.png","width":1536,"height":1349,"caption":"Adriafly - Paragliding Club"},"image":{"@id":"https:\/\/adriafly.me\/en\/#\/schema\/logo\/image\/"},"sameAs":["https:\/\/www.facebook.com\/AdriaFly","https:\/\/www.instagram.com\/adriafly.me\/"]},{"@type":"Person","@id":"https:\/\/adriafly.me\/en\/#\/schema\/person\/751ea6dffe40ddebe7efa060bf5e7712","name":"mio","image":{"@type":"ImageObject","inLanguage":"en-NZ","@id":"https:\/\/secure.gravatar.com\/avatar\/cd1f2891ddd4cddbd2eeb404b28c1c87b083f1b9e58df41fb316fa42d4bb7d60?s=96&d=mm&r=g","url":"https:\/\/secure.gravatar.com\/avatar\/cd1f2891ddd4cddbd2eeb404b28c1c87b083f1b9e58df41fb316fa42d4bb7d60?s=96&d=mm&r=g","contentUrl":"https:\/\/secure.gravatar.com\/avatar\/cd1f2891ddd4cddbd2eeb404b28c1c87b083f1b9e58df41fb316fa42d4bb7d60?s=96&d=mm&r=g","caption":"mio"},"sameAs":["https:\/\/adriafly.me"],"url":"https:\/\/adriafly.me\/en\/author\/mio\/"}]}},"_links":{"self":[{"href":"https:\/\/adriafly.me\/en\/wp-json\/wp\/v2\/posts\/2502","targetHints":{"allow":["GET"]}}],"collection":[{"href":"https:\/\/adriafly.me\/en\/wp-json\/wp\/v2\/posts"}],"about":[{"href":"https:\/\/adriafly.me\/en\/wp-json\/wp\/v2\/types\/post"}],"author":[{"embeddable":true,"href":"https:\/\/adriafly.me\/en\/wp-json\/wp\/v2\/users\/1"}],"replies":[{"embeddable":true,"href":"https:\/\/adriafly.me\/en\/wp-json\/wp\/v2\/comments?post=2502"}],"version-history":[{"count":3,"href":"https:\/\/adriafly.me\/en\/wp-json\/wp\/v2\/posts\/2502\/revisions"}],"predecessor-version":[{"id":2506,"href":"https:\/\/adriafly.me\/en\/wp-json\/wp\/v2\/posts\/2502\/revisions\/2506"}],"wp:featuredmedia":[{"embeddable":true,"href":"https:\/\/adriafly.me\/en\/wp-json\/wp\/v2\/media\/2503"}],"wp:attachment":[{"href":"https:\/\/adriafly.me\/en\/wp-json\/wp\/v2\/media?parent=2502"}],"wp:term":[{"taxonomy":"category","embeddable":true,"href":"https:\/\/adriafly.me\/en\/wp-json\/wp\/v2\/categories?post=2502"},{"taxonomy":"post_tag","embeddable":true,"href":"https:\/\/adriafly.me\/en\/wp-json\/wp\/v2\/tags?post=2502"}],"curies":[{"name":"wp","href":"https:\/\/api.w.org\/{rel}","templated":true}]}}